{"id":9,"__str__":"OUTROS - TERMO DE AN\u00c1LISE JUR\u00cdDICO-CONSTITUCIONAL de 23/09/2025 por Minist\u00e9rio P\u00fablico de Minas Gerais - MPMG","link_detail_backend":"/materia/documentoacessorio/9","metadata":{},"nome":"TERMO DE AN\u00c1LISE JUR\u00cdDICO-CONSTITUCIONAL","data":"2025-09-23","autor":"Minist\u00e9rio P\u00fablico de Minas Gerais - MPMG","ementa":"","indexacao":"","arquivo":"http://sapl.mariocampos.mg.leg.br/media/sapl/public/documentoacessorio/2025/9/ajc_mario_campos.pdf","data_ultima_atualizacao":"2025-10-08T11:35:33.528668-03:00","materia":2072,"tipo":10}