{"id":1021,"__str__":"REQUERIMENTO n\u00ba 234 de 2023","link_detail_backend":"/materia/1021","metadata":{},"numero":234,"ano":2023,"numero_protocolo":null,"data_apresentacao":"2023-12-05","tipo_apresentacao":"E","data_publicacao":null,"numero_origem_externa":"","ano_origem_externa":null,"data_origem_externa":null,"apelido":"","dias_prazo":null,"data_fim_prazo":null,"em_tramitacao":false,"polemica":false,"objeto":"","complementar":false,"ementa":"REQUER  esclarecimentos referentes ao agendamento de transporte da sa\u00fade realizado no dia 15/11/2023 , para o paciente Eliziario Ferreira Dornas.\r\n\r\na)\tNo referido agendamento, o paciente necessitava de deslocamento para realizar um exame de extrema import\u00e2ncia para sua sa\u00fade, conforme orienta\u00e7\u00e3o m\u00e9dica. Por\u00e9m, lamentavelmente, o motorista designado para o transporte n\u00e3o o levou alegando que isso resultaria em uma sa\u00edda de rota, o que colocou em risco a participa\u00e7\u00e3o do paciente nesse procedimento de sa\u00fade imprescind\u00edvel.O senhor Eliziario alega que o caso e recorrente gostar\u00edamos de saber o que ser\u00e1 feito nessa situa\u00e7\u00e3o?\r\n\r\nb)\tDessa forma, solicito os devidos esclarecimentos sobre as medidas que ser\u00e3o tomadas para evitar que tais incidentes voltem a ocorrer, bem como a garantia de um transporte adequado e seguro para o paciente , assegurando que sua sa\u00fade n\u00e3o seja comprometida novamente.","indexacao":"","observacao":"","resultado":"","texto_original":"http://sapl.mariocampos.mg.leg.br/media/sapl/public/materialegislativa/2023/1021/requerimento_no_234-2023_-_pastor_marquinhos.docx","data_ultima_atualizacao":"2023-12-12T08:37:44.909153-03:00","ip":"45.183.2.20","ultima_edicao":"2023-12-06T10:39:38.093632-03:00","tipo":1,"regime_tramitacao":4,"tipo_origem_externa":null,"local_origem_externa":null,"user":2,"anexadas":[],"autores":[9]}