{"id":1024,"__str__":"REQUERIMENTO n\u00ba 237 de 2023","link_detail_backend":"/materia/1024","metadata":{},"numero":237,"ano":2023,"numero_protocolo":null,"data_apresentacao":"2023-12-06","tipo_apresentacao":"E","data_publicacao":null,"numero_origem_externa":"","ano_origem_externa":null,"data_origem_externa":null,"apelido":"","dias_prazo":null,"data_fim_prazo":null,"em_tramitacao":false,"polemica":false,"objeto":"","complementar":false,"ementa":"REQUER do Executivo a seguinte informa\u00e7\u00e3o:\r\n\r\nA.\tMediante os problemas enfrentados pelo munic\u00edpio sobre o armazenamento e distribui\u00e7\u00e3o da cesta b\u00e1sica e considerando as delibera\u00e7\u00f5es da Confer\u00eancia da Assist\u00eancia Social: O munic\u00edpio pretende aderir o cart\u00e3o alimenta\u00e7\u00e3o para substituir a cesta b\u00e1sica do benef\u00edcio eventual?","indexacao":"","observacao":"","resultado":"","texto_original":"http://sapl.mariocampos.mg.leg.br/media/sapl/public/materialegislativa/2023/1024/requerimento_no_237-2023_sammantta.docx","data_ultima_atualizacao":"2023-12-12T08:40:30.807299-03:00","ip":"45.183.2.20","ultima_edicao":"2023-12-07T08:30:18.493642-03:00","tipo":1,"regime_tramitacao":4,"tipo_origem_externa":null,"local_origem_externa":null,"user":2,"anexadas":[],"autores":[10]}