{"id":1035,"__str__":"REQUERIMENTO n\u00ba 246 de 2023","link_detail_backend":"/materia/1035","metadata":{},"numero":246,"ano":2023,"numero_protocolo":null,"data_apresentacao":"2023-12-07","tipo_apresentacao":"E","data_publicacao":null,"numero_origem_externa":"","ano_origem_externa":null,"data_origem_externa":null,"apelido":"","dias_prazo":null,"data_fim_prazo":null,"em_tramitacao":false,"polemica":false,"objeto":"","complementar":false,"ementa":"REQUEREM as seguintes informa\u00e7\u00f5es: \r\n\r\nA)\tPor qual motivo a servidora ocupante do cargo: Coordenadora das pol\u00edticas de Aten\u00e7\u00e3o Prim\u00e1ria de Servi\u00e7os de urg\u00eancia/emerg\u00eancia e Pronto atendimento parou de receber a complementa\u00e7\u00e3o referente ao Piso da Enfermagem, destinado aos enfermeiros, t\u00e9cnicos de enfermagem e parteiras?\r\n\r\nB)\tA servidora realizou a devolu\u00e7\u00e3o dos valores? Por qual motivo?","indexacao":"","observacao":"","resultado":"","texto_original":"http://sapl.mariocampos.mg.leg.br/media/sapl/public/materialegislativa/2023/1035/requerimento_no_246-2023_cecelsma.pdf","data_ultima_atualizacao":"2024-03-05T10:02:44.361101-03:00","ip":"45.183.1.15","ultima_edicao":"2024-03-05T10:02:44.203584-03:00","tipo":1,"regime_tramitacao":4,"tipo_origem_externa":null,"local_origem_externa":null,"user":2,"anexadas":[],"autores":[3]}