{"id":1263,"__str__":"REQUERIMENTO n\u00ba 126 de 2024","link_detail_backend":"/materia/1263","metadata":{},"numero":126,"ano":2024,"numero_protocolo":null,"data_apresentacao":"2024-05-07","tipo_apresentacao":"E","data_publicacao":null,"numero_origem_externa":"","ano_origem_externa":null,"data_origem_externa":null,"apelido":"","dias_prazo":null,"data_fim_prazo":null,"em_tramitacao":true,"polemica":false,"objeto":"","complementar":false,"ementa":"Considerando a necessidade de cria\u00e7\u00e3o do Conselho da pessoa com Defici\u00eancia em nosso munic\u00edpio.\r\nREQUERER a seguinte informa\u00e7\u00e3o:\r\n\r\nQuando estar\u00e1 ativo o referido conselho?","indexacao":"","observacao":"","resultado":"","texto_original":"http://sapl.mariocampos.mg.leg.br/media/sapl/public/materialegislativa/2024/1263/requerimento_126-2024_-_daniela.docx","data_ultima_atualizacao":"2024-05-10T09:04:46.760452-03:00","ip":"191.5.37.163","ultima_edicao":"2024-05-10T09:00:02.976353-03:00","tipo":1,"regime_tramitacao":4,"tipo_origem_externa":null,"local_origem_externa":null,"user":2,"anexadas":[],"autores":[6]}