{"id":1274,"__str__":"REQUERIMENTO n\u00ba 137 de 2024","link_detail_backend":"/materia/1274","metadata":{},"numero":137,"ano":2024,"numero_protocolo":null,"data_apresentacao":"2024-05-08","tipo_apresentacao":"E","data_publicacao":null,"numero_origem_externa":"","ano_origem_externa":null,"data_origem_externa":null,"apelido":"","dias_prazo":null,"data_fim_prazo":null,"em_tramitacao":true,"polemica":false,"objeto":"","complementar":false,"ementa":"Considerando o TAC assinado entre o MPMG e a Prefeitura Municipal que versa sobre pol\u00edticas p\u00fablicas destinadas ao controle populacional \u00e9tico e humanit\u00e1rio de c\u00e3es e gatos em \u00e1rea urbana, a vereadora que este subscreve, com base nos termos do Regimento Interno, ap\u00f3s a aprova\u00e7\u00e3o do soberano Plen\u00e1rio, REQUER as seguintes informa\u00e7\u00f5es: \r\n\r\nA \u2013 O TAC versa sobre o envio de um Projeto de Lei para a C\u00e2mara dos Vereadores como forma de normalizar o controle das popula\u00e7\u00f5es de c\u00e3es e gatos. Porque tal projeto ainda n\u00e3o foi encaminhado?\r\nB \u2013 O TAC versa sobre a prioriza\u00e7\u00e3o da esteriliza\u00e7\u00e3o dos animais de rua. Qual medida est\u00e1 sendo tomada para abranger estes animais?\r\nC \u2013 Quais a\u00e7\u00f5es est\u00e3o sendo pensadas para se criar o Servi\u00e7o municipal de registro e de identifica\u00e7\u00e3o de c\u00e3es e gatos?\r\nD \u2013 Existe previs\u00e3o para divulga\u00e7\u00e3o das campanhas quadrimestrais de educa\u00e7\u00e3o humanit\u00e1ria previstas no TAC?\r\nE \u2013 J\u00e1 foi designado um funcion\u00e1rio para realizar as fiscaliza\u00e7\u00f5es previstas no TAC?","indexacao":"","observacao":"","resultado":"","texto_original":"http://sapl.mariocampos.mg.leg.br/media/sapl/public/materialegislativa/2024/1274/requerimento_137-2024_-_sammantta.docx","data_ultima_atualizacao":"2024-05-10T10:01:41.502937-03:00","ip":"191.5.37.163","ultima_edicao":"2024-05-10T09:58:36.066645-03:00","tipo":1,"regime_tramitacao":4,"tipo_origem_externa":null,"local_origem_externa":null,"user":2,"anexadas":[],"autores":[10]}