{"id":1437,"__str__":"REQUERIMENTO n\u00ba 221 de 2024","link_detail_backend":"/materia/1437","metadata":{},"numero":221,"ano":2024,"numero_protocolo":null,"data_apresentacao":"2024-09-04","tipo_apresentacao":"E","data_publicacao":null,"numero_origem_externa":"","ano_origem_externa":null,"data_origem_externa":null,"apelido":"","dias_prazo":null,"data_fim_prazo":null,"em_tramitacao":true,"polemica":false,"objeto":"","complementar":false,"ementa":"A vereadora que este subscreve, nos termos do Regimento Interno, ap\u00f3s a aprova\u00e7\u00e3o do soberano Plen\u00e1rio, REQUER mediante Art. 230 do Regimento Interno, a convoca\u00e7\u00e3o do Chefe da Advocacia.","indexacao":"","observacao":"","resultado":"","texto_original":"http://sapl.mariocampos.mg.leg.br/media/sapl/public/materialegislativa/2024/1437/requerimento_no_221-2024_sammantta.docx","data_ultima_atualizacao":"2024-09-09T09:46:26.086889-03:00","ip":"45.183.2.44","ultima_edicao":"2024-09-04T16:21:52.983843-03:00","tipo":1,"regime_tramitacao":4,"tipo_origem_externa":null,"local_origem_externa":null,"user":2,"anexadas":[],"autores":[10]}