{"id":1448,"__str__":"REQUERIMENTO n\u00ba 230 de 2024","link_detail_backend":"/materia/1448","metadata":{},"numero":230,"ano":2024,"numero_protocolo":null,"data_apresentacao":"2024-09-05","tipo_apresentacao":"E","data_publicacao":null,"numero_origem_externa":"","ano_origem_externa":null,"data_origem_externa":null,"apelido":"","dias_prazo":null,"data_fim_prazo":null,"em_tramitacao":true,"polemica":false,"objeto":"","complementar":false,"ementa":"Considerando a necessidade de melhor sinaliza\u00e7\u00e3o de tr\u00e2nsito em nosso munic\u00edpio. \r\nA Vereadora que subscreve o presente, no uso de suas atribui\u00e7\u00f5es legais previstas no Regimento Interno da C\u00e2mara Municipal de M\u00e1rio Campos, ap\u00f3s a aprova\u00e7\u00e3o do soberano Plen\u00e1rio, REQUERER a seguinte informa\u00e7\u00e3o:\r\n\r\nQuando ser\u00e3o refeitas as pinturas das faixas de pedestres, especialmente nas \u00e1reas centrais, nos pontos de \u00f4nibus e \u00e1reas escolares que ainda n\u00e3o foram pintadas.","indexacao":"","observacao":"","resultado":"","texto_original":"http://sapl.mariocampos.mg.leg.br/media/sapl/public/materialegislativa/2024/1448/requerimento_no_230-2024_daniela.docx","data_ultima_atualizacao":"2024-09-09T09:52:22.879434-03:00","ip":"45.183.2.44","ultima_edicao":"2024-09-05T16:29:36.090086-03:00","tipo":1,"regime_tramitacao":4,"tipo_origem_externa":null,"local_origem_externa":null,"user":2,"anexadas":[],"autores":[6]}