{"id":1492,"__str__":"REQUERIMENTO n\u00ba 246 de 2024","link_detail_backend":"/materia/1492","metadata":{},"numero":246,"ano":2024,"numero_protocolo":null,"data_apresentacao":"2024-11-21","tipo_apresentacao":"E","data_publicacao":null,"numero_origem_externa":"","ano_origem_externa":null,"data_origem_externa":null,"apelido":"","dias_prazo":null,"data_fim_prazo":null,"em_tramitacao":true,"polemica":false,"objeto":"","complementar":false,"ementa":"A Vereadora que subscreve o presente, no uso de suas atribui\u00e7\u00f5es legais previstas no Regimento Interno da C\u00e2mara Municipal de M\u00e1rio Campos, ap\u00f3s a aprova\u00e7\u00e3o do soberano Plen\u00e1rio, REQUER a capina da Pra\u00e7a da Matriz e da Pra\u00e7a do Bela Vista.","indexacao":"","observacao":"","resultado":"","texto_original":"http://sapl.mariocampos.mg.leg.br/media/sapl/public/materialegislativa/2024/1492/requerimento_no_246-2024_daniela.docx","data_ultima_atualizacao":"2024-11-25T09:55:50.988489-03:00","ip":"45.183.3.6","ultima_edicao":"2024-11-21T14:40:37.686054-03:00","tipo":1,"regime_tramitacao":4,"tipo_origem_externa":null,"local_origem_externa":null,"user":2,"anexadas":[],"autores":[6]}