{"id":1497,"__str__":"REQUERIMENTO n\u00ba 250 de 2024","link_detail_backend":"/materia/1497","metadata":{},"numero":250,"ano":2024,"numero_protocolo":null,"data_apresentacao":"2024-11-21","tipo_apresentacao":"E","data_publicacao":null,"numero_origem_externa":"","ano_origem_externa":null,"data_origem_externa":null,"apelido":"","dias_prazo":null,"data_fim_prazo":null,"em_tramitacao":true,"polemica":false,"objeto":"","complementar":false,"ementa":"A vereadora que este subscreve, com base no Regimento Interno, ap\u00f3s aprova\u00e7\u00e3o do soberano plen\u00e1rio, REQUER esclarecimentos sobre a superlota\u00e7\u00e3o na Van que realizou o transporte de pacientes de BH/M\u00e1rio Campos no dia 21 de novembro, motorista identificado como Cleber, viagem no fim da tarde. \r\nSegundo relatos e fotos em anexo, um adolescente veio no colo da m\u00e3e, uma servidora da prefeitura sentada no ch\u00e3o no fundo da Van e outra paciente sentada na escadinha de suporte, totalizando 14 pessoas no transporte, o que colocava a vida e a seguran\u00e7a de pacientes e servidores em risco. \r\n\r\nA \u2013 Porque tal situa\u00e7\u00e3o ocorreu ignorando qualquer recomenda\u00e7\u00e3o de seguran\u00e7a prevista no c\u00f3digo de tr\u00e2nsito Brasileiro?\r\nB \u2013 Quantos ve\u00edculos a prefeitura disp\u00f5e para transporte de passageiros?\r\nC - Como \u00e9 feita a defini\u00e7\u00e3o do n\u00famero de usu\u00e1rios por transporte?","indexacao":"","observacao":"","resultado":"","texto_original":"http://sapl.mariocampos.mg.leg.br/media/sapl/public/materialegislativa/2024/1497/requerimento_no_250-2024_sammantta.docx","data_ultima_atualizacao":"2024-11-25T10:00:02.835342-03:00","ip":"45.183.3.6","ultima_edicao":"2024-11-22T08:56:10.424663-03:00","tipo":1,"regime_tramitacao":4,"tipo_origem_externa":null,"local_origem_externa":null,"user":2,"anexadas":[],"autores":[10]}