{"id":1887,"__str__":"PROJETO DE LEI ORDIN\u00c1RIA n\u00ba 79 de 2025","link_detail_backend":"/materia/1887","metadata":{},"numero":79,"ano":2025,"numero_protocolo":null,"data_apresentacao":"2025-05-20","tipo_apresentacao":"E","data_publicacao":null,"numero_origem_externa":"","ano_origem_externa":null,"data_origem_externa":null,"apelido":"","dias_prazo":null,"data_fim_prazo":null,"em_tramitacao":true,"polemica":false,"objeto":"","complementar":false,"ementa":"Disp\u00f5e sobre a cria\u00e7\u00e3o da Semana Municipal de Conscientiza\u00e7\u00e3o e Preven\u00e7\u00e3o das Doen\u00e7as Reum\u00e1ticas e d\u00e1 outras provid\u00eancias.","indexacao":"","observacao":"","resultado":"","texto_original":"http://sapl.mariocampos.mg.leg.br/media/sapl/public/materialegislativa/2025/1887/pl_79-2025__semana_doencas_reumaticas.docx","data_ultima_atualizacao":"2025-05-23T19:42:44.841737-03:00","ip":"187.108.255.58","ultima_edicao":"2025-05-23T19:41:49.623450-03:00","tipo":2,"regime_tramitacao":4,"tipo_origem_externa":null,"local_origem_externa":null,"user":12,"anexadas":[],"autores":[27]}