{"id":1908,"__str__":"MO\u00c7\u00c3O n\u00ba 5 de 2025","link_detail_backend":"/materia/1908","metadata":{},"numero":5,"ano":2025,"numero_protocolo":null,"data_apresentacao":"2025-06-06","tipo_apresentacao":"","data_publicacao":null,"numero_origem_externa":"","ano_origem_externa":null,"data_origem_externa":null,"apelido":"","dias_prazo":null,"data_fim_prazo":null,"em_tramitacao":true,"polemica":false,"objeto":"","complementar":false,"ementa":"Vem propor que este Poder Legislativo Municipal conceda Mo\u00e7\u00e3o de Aplausos aos Destaques da Pol\u00edtica Mineira, como forma de reconhecimento \u00e0 atua\u00e7\u00e3o \u00e9tica, t\u00e9cnica e comprometida de representantes p\u00fablicos que v\u00eam contribuindo significativamente para o fortalecimento da democracia e para a constru\u00e7\u00e3o coletiva de uma Minas Gerais mais justa, eficiente e participativa.","indexacao":"","observacao":"","resultado":"","texto_original":"http://sapl.mariocampos.mg.leg.br/media/sapl/public/materialegislativa/2025/1908/mocao_-_5.docx","data_ultima_atualizacao":"2025-06-06T17:23:25.077864-03:00","ip":"187.108.255.58","ultima_edicao":"2025-06-06T17:22:29.815674-03:00","tipo":3,"regime_tramitacao":4,"tipo_origem_externa":null,"local_origem_externa":null,"user":13,"anexadas":[],"autores":[24]}