{"id":1993,"__str__":"VETO n\u00ba 8 de 2025","link_detail_backend":"/materia/1993","metadata":{},"numero":8,"ano":2025,"numero_protocolo":null,"data_apresentacao":"2025-08-04","tipo_apresentacao":"E","data_publicacao":null,"numero_origem_externa":"51","ano_origem_externa":2025,"data_origem_externa":null,"apelido":"","dias_prazo":null,"data_fim_prazo":null,"em_tramitacao":true,"polemica":false,"objeto":"","complementar":false,"ementa":"Veto Integral \u00e0 Proposi\u00e7\u00e3o de Lei n\u00ba 39/2025, que \"Autoriza o Poder Executivo a instituir o Programa de Doa\u00e7\u00e3o de Verduras \u00e0 popula\u00e7\u00e3o em situa\u00e7\u00e3o de vulnerabilidade social, em parceria com a EMATER, Sindicato Rural e agricultores locais, e d\u00e1 outras provid\u00eancias\"","indexacao":"","observacao":"","resultado":"","texto_original":"http://sapl.mariocampos.mg.leg.br/media/sapl/public/materialegislativa/2025/1993/veto_08-2025_pl512025.pdf","data_ultima_atualizacao":"2025-09-04T09:00:33.631656-03:00","ip":"187.108.255.58","ultima_edicao":"2025-09-04T09:00:32.689937-03:00","tipo":12,"regime_tramitacao":4,"tipo_origem_externa":2,"local_origem_externa":null,"user":12,"anexadas":[1825],"autores":[5]}