{"id":2024,"__str__":"PROJETO DE LEI ORDIN\u00c1RIA n\u00ba 114 de 2025","link_detail_backend":"/materia/2024","metadata":{},"numero":114,"ano":2025,"numero_protocolo":null,"data_apresentacao":"2025-09-03","tipo_apresentacao":"E","data_publicacao":null,"numero_origem_externa":"","ano_origem_externa":null,"data_origem_externa":null,"apelido":"","dias_prazo":null,"data_fim_prazo":null,"em_tramitacao":true,"polemica":false,"objeto":"","complementar":false,"ementa":"Institui no \u00e2mbito do Munic\u00edpio de M\u00e1rio o Programa \"Sa\u00fade na Agricultura\" com o objetivo de promover a aten\u00e7\u00e3o b\u00e1sica \u00e0 sa\u00fade de trabalhadores rurais por meio de visitas mensais realizadas pelas equipes da Estrat\u00e9gia de Sa\u00fade da Fam\u00edlia (ESF) nas hortas e propriedades agr\u00edcolas cadastradas","indexacao":"","observacao":"","resultado":"","texto_original":"http://sapl.mariocampos.mg.leg.br/media/sapl/public/materialegislativa/2025/2024/pl_114-2025_-_reinaldo_neguinho.pdf","data_ultima_atualizacao":"2025-10-01T16:36:17.933645-03:00","ip":"187.108.255.58","ultima_edicao":"2025-09-05T13:58:34.818059-03:00","tipo":2,"regime_tramitacao":4,"tipo_origem_externa":null,"local_origem_externa":null,"user":12,"anexadas":[],"autores":[25,11]}