{"id":2093,"__str__":"REQUERIMENTO n\u00ba 224 de 2025","link_detail_backend":"/materia/2093","metadata":{},"numero":224,"ano":2025,"numero_protocolo":null,"data_apresentacao":"2025-10-14","tipo_apresentacao":"E","data_publicacao":null,"numero_origem_externa":"","ano_origem_externa":null,"data_origem_externa":null,"apelido":"","dias_prazo":null,"data_fim_prazo":null,"em_tramitacao":true,"polemica":false,"objeto":"","complementar":false,"ementa":"REQUER do Poder Executivo Municipal a seguinte informa\u00e7\u00e3o acerca da ilumina\u00e7\u00e3o p\u00fablica na MG-040, na regi\u00e3o do Funil:\r\n\r\n1.\tQuais provid\u00eancias est\u00e3o sendo adotadas para o restabelecimento da ilumina\u00e7\u00e3o p\u00fablica na MG-040, na regi\u00e3o do Funil?","indexacao":"","observacao":"","resultado":"","texto_original":"http://sapl.mariocampos.mg.leg.br/media/sapl/public/materialegislativa/2025/2093/requerimento_no_224_-_sammantta.docx","data_ultima_atualizacao":"2025-10-13T09:01:26.739360-03:00","ip":"187.108.255.58","ultima_edicao":"2025-10-13T09:00:52.454610-03:00","tipo":1,"regime_tramitacao":4,"tipo_origem_externa":null,"local_origem_externa":null,"user":13,"anexadas":[],"autores":[10]}