{"id":2105,"__str__":"INDICA\u00c7\u00c3O n\u00ba 215 de 2025","link_detail_backend":"/materia/2105","metadata":{},"numero":215,"ano":2025,"numero_protocolo":null,"data_apresentacao":"2025-10-14","tipo_apresentacao":"E","data_publicacao":null,"numero_origem_externa":"","ano_origem_externa":null,"data_origem_externa":null,"apelido":"","dias_prazo":null,"data_fim_prazo":null,"em_tramitacao":true,"polemica":false,"objeto":"","complementar":false,"ementa":"INDICA \u00e0 Excelent\u00edssima Senhora Prefeita Municipal de M\u00e1rio Campos, por interm\u00e9dio da Secretaria Municipal de Educa\u00e7\u00e3o e da C\u00e2mara Municipal de M\u00e1rio Campos, que seja estudada a viabilidade de cria\u00e7\u00e3o do \u201cConcurso Mirim \u2014 Prefeito, Vice-Prefeito e Vereadores Mirins\u201d, destinado a estudantes do ensino fundamental das escolas municipais.","indexacao":"","observacao":"","resultado":"","texto_original":"http://sapl.mariocampos.mg.leg.br/media/sapl/public/materialegislativa/2025/2105/indicacao_no_215_-_dr_aleff.docx","data_ultima_atualizacao":"2025-10-13T15:08:41.662711-03:00","ip":"187.108.255.58","ultima_edicao":"2025-10-13T15:08:41.238306-03:00","tipo":5,"regime_tramitacao":4,"tipo_origem_externa":null,"local_origem_externa":null,"user":13,"anexadas":[],"autores":[24]}