{"id":2170,"__str__":"REQUERIMENTO n\u00ba 241 de 2025","link_detail_backend":"/materia/2170","metadata":{},"numero":241,"ano":2025,"numero_protocolo":null,"data_apresentacao":"2025-12-09","tipo_apresentacao":"E","data_publicacao":null,"numero_origem_externa":"","ano_origem_externa":null,"data_origem_externa":null,"apelido":"","dias_prazo":null,"data_fim_prazo":null,"em_tramitacao":true,"polemica":false,"objeto":"","complementar":false,"ementa":"REQUER, \u00e0 Prefeita Municipal que sejam prestadas \u00e0 esta Casa as seguintes informa\u00e7\u00f5es acerca das condi\u00e7\u00f5es das vias p\u00fablicas  rua Nair henrique da Silva  e \u00e1rea do lado do cemit\u00e9rio do bairro bom jardim  que d\u00e1 acesso ao Centro Comunit\u00e1rio e ao Galp\u00e3o Acamares;\r\nNa \u00c1rea ao lado do Cemit\u00e9rio Bom Jardim \u00f4nibus escolares e outros ve\u00edculos realizam manobras, o que pode oferecer riscos de acidentes;\r\n-Existe projeto ou estudo de melhoria para esta \u00e1rea visando proporcionar seguran\u00e7a e facilidade para manobras de ve\u00edculos ou at\u00e9 mesmo passagem?\r\n\r\nNo trecho que liga a Rua Nair Henrique da Silva \u00e0 Rua C\u00e2ndido Lobato, a largura reduzida da via dificulta a circula\u00e7\u00e3o e as manobras de ve\u00edculos. Caso o transporte escolar venha a circular por esse ponto, a situa\u00e7\u00e3o poder\u00e1 prejudicar ainda mais o deslocamento,\r\n-Quais s\u00e3o as medidas planejadas ou em execu\u00e7\u00e3o para melhorar a seguran\u00e7a e a circula\u00e7\u00e3o de ve\u00edculos nesse local?\r\n-Existe previs\u00e3o de amplia\u00e7\u00e3o ou adequa\u00e7\u00e3o da Rua Nair Henrique da Silva  com C\u00e2n","indexacao":"","observacao":"","resultado":"","texto_original":"http://sapl.mariocampos.mg.leg.br/media/sapl/public/materialegislativa/2025/2170/requerimento_no_241_-_reinaldo.docx","data_ultima_atualizacao":"2025-12-04T16:27:06.279787-03:00","ip":"187.108.255.58","ultima_edicao":"2025-12-04T16:25:23.384241-03:00","tipo":1,"regime_tramitacao":4,"tipo_origem_externa":null,"local_origem_externa":null,"user":13,"anexadas":[],"autores":[6,11]}