{"id":2332,"__str__":"REQUERIMENTO n\u00ba 71 de 2026","link_detail_backend":"/materia/2332","metadata":{},"numero":71,"ano":2026,"numero_protocolo":null,"data_apresentacao":"2026-04-07","tipo_apresentacao":"E","data_publicacao":null,"numero_origem_externa":"","ano_origem_externa":null,"data_origem_externa":null,"apelido":"","dias_prazo":null,"data_fim_prazo":null,"em_tramitacao":true,"polemica":false,"objeto":"","complementar":false,"ementa":"Requer informa\u00e7\u00f5es acerca das pol\u00edticas p\u00fablicas voltadas ao atendimento de pessoas com fibromialgia no munic\u00edpio e o cumprimento da Lei n\u00ba 853/2024 que, \u201cDisp\u00f5e sobre o reconhecimento da fibromialgia como defici\u00eancia no Munic\u00edpio de M\u00e1rio Campos e d\u00e1 outras provid\u00eancias.\u201d","indexacao":"","observacao":"","resultado":"","texto_original":"http://sapl.mariocampos.mg.leg.br/media/sapl/public/materialegislativa/2026/2332/requerimento_71-2026_-_wilsonjr.docx","data_ultima_atualizacao":"2026-04-10T17:16:50.860843-03:00","ip":"187.108.255.58","ultima_edicao":"2026-04-10T17:15:28.583601-03:00","tipo":1,"regime_tramitacao":4,"tipo_origem_externa":null,"local_origem_externa":null,"user":12,"anexadas":[],"autores":[27]}