{"id":2354,"__str__":"REQUERIMENTO n\u00ba 81 de 2026","link_detail_backend":"/materia/2354","metadata":{},"numero":81,"ano":2026,"numero_protocolo":null,"data_apresentacao":"2026-04-28","tipo_apresentacao":"E","data_publicacao":null,"numero_origem_externa":"","ano_origem_externa":null,"data_origem_externa":null,"apelido":"","dias_prazo":null,"data_fim_prazo":null,"em_tramitacao":true,"polemica":false,"objeto":"","complementar":false,"ementa":"Requer informa\u00e7\u00f5es acerca da presta\u00e7\u00e3o do servi\u00e7o de transporte p\u00fablico no \u00e2mbito do programa Tarifa Zero, especialmente no que se refere \u00e0 interrup\u00e7\u00e3o da Rota Verde.","indexacao":"","observacao":"\u2022\tEncaminhar c\u00f3pia integral do contrato vigente firmado com a empresa respons\u00e1vel pela presta\u00e7\u00e3o do servi\u00e7o de transporte Tarifa Zero; \r\n\u2022\tInformar a justificativa apresentada pela empresa em raz\u00e3o da n\u00e3o circula\u00e7\u00e3o da Rota Verde no per\u00edodo da manh\u00e3 do dia 15 de abril de 2026;\r\n\u2022\tEsclarecer quais provid\u00eancias foram adotadas pelo Poder Executivo diante da n\u00e3o presta\u00e7\u00e3o do servi\u00e7o na referida data;\r\n\u2022\tInformar se houve aplica\u00e7\u00e3o de advert\u00eancias/penalidades contratuais \u00e0 empresa, em caso afirmativo, especificar quais;\r\n\u2022\tInformar se existem registros de outras ocorr\u00eancias semelhantes envolvendo a presta\u00e7\u00e3o do servi\u00e7o;\r\n\u2022\tEsclarecer quais s\u00e3o os mecanismos de fiscaliza\u00e7\u00e3o e monitoramento adotados pelo Munic\u00edpio em rela\u00e7\u00e3o ao cumprimento do contrato;\r\n\u2022\tInformar se h\u00e1 plano de conting\u00eancia para situa\u00e7\u00f5es de interrup\u00e7\u00e3o do servi\u00e7o e como ele \u00e9 executado.","resultado":"","texto_original":"http://sapl.mariocampos.mg.leg.br/media/sapl/public/materialegislativa/2026/2354/req_81-2026_-_sammantta.docx","data_ultima_atualizacao":"2026-04-24T16:52:38.316549-03:00","ip":"187.108.255.58","ultima_edicao":"2026-04-24T16:51:24.798788-03:00","tipo":1,"regime_tramitacao":4,"tipo_origem_externa":null,"local_origem_externa":null,"user":12,"anexadas":[],"autores":[10]}