{"id":361,"__str__":"PROJETO DE LEI COMPLEMENTAR n\u00ba 7 de 2022","link_detail_backend":"/materia/361","metadata":{},"numero":7,"ano":2022,"numero_protocolo":null,"data_apresentacao":"2022-08-16","tipo_apresentacao":"E","data_publicacao":null,"numero_origem_externa":"","ano_origem_externa":null,"data_origem_externa":null,"apelido":"","dias_prazo":null,"data_fim_prazo":null,"em_tramitacao":true,"polemica":false,"objeto":"","complementar":false,"ementa":"Consolida a Estrat\u00e9gia Sa\u00fade da Fam\u00edlia \u2013 ESF; o N\u00facleo de Apoio \u00e0 Sa\u00fade da Fam\u00edlia \u2013 NASF, o Programa de Agentes Comunit\u00e1rios de Sa\u00fade e o Programa Agente de Combate \u00e0s Endemias, cria fun\u00e7\u00f5es p\u00fablicas para atender a esses programas e d\u00e1 outras provid\u00eancias.","indexacao":"","observacao":"","resultado":"","texto_original":"http://sapl.mariocampos.mg.leg.br/media/sapl/public/materialegislativa/2022/361/pl_26-2022-executivo_municipal_.pdf","data_ultima_atualizacao":"2022-08-25T10:49:49.523616-03:00","ip":"45.183.2.234","ultima_edicao":"2022-08-25T10:49:48.772443-03:00","tipo":7,"regime_tramitacao":4,"tipo_origem_externa":null,"local_origem_externa":null,"user":2,"anexadas":[],"autores":[5]}