{"id":613,"__str__":"REQUERIMENTO n\u00ba 40 de 2023","link_detail_backend":"/materia/613","metadata":{},"numero":40,"ano":2023,"numero_protocolo":null,"data_apresentacao":"2023-04-04","tipo_apresentacao":"E","data_publicacao":null,"numero_origem_externa":"","ano_origem_externa":null,"data_origem_externa":null,"apelido":"","dias_prazo":null,"data_fim_prazo":null,"em_tramitacao":false,"polemica":false,"objeto":"","complementar":false,"ementa":"REQUER do Executivo as seguintes informa\u00e7\u00f5es:\r\n\r\n\u2022\tQuantas cestas b\u00e1sicas s\u00e3o distribu\u00eddas mensalmente no CRAS?\r\n\u2022\tQuantas cestas foram distribu\u00eddas no ano de 2022?\r\n\u2022\tQuais os crit\u00e9rios para a distribui\u00e7\u00e3o e entrega das cestas?\r\n\u2022\tPor qual motivo as cestas b\u00e1sicas est\u00e3o sendo armazenadas no CRAS Tangar\u00e1? O local tem condi\u00e7\u00f5es adequadas para armazenamento de alimentos? Favor encaminhar relat\u00f3rio da Vigil\u00e2ncia Sanit\u00e1ria.\r\n\u2022\tO Assistente Social Wendel Dias Gualberto \u00e9 respons\u00e1vel pelos atendimentos para distribui\u00e7\u00e3o de cestas?\r\n\u2022\tConforme a Lei n\u00ba 639/2018 a carga hor\u00e1rio do Assistente Social \u00e9 de 30 horas. Por qual motivo o Senhor Wendel Dias Gualberto recebe hora extra? Encaminhar justificativa com comprovantes/relat\u00f3rios das atividades extras.\r\n\u2022\tQuem autorizou as horas extras que est\u00e3o sendo feitas?","indexacao":"","observacao":"","resultado":"","texto_original":"http://sapl.mariocampos.mg.leg.br/media/sapl/public/materialegislativa/2023/613/requerimento_no_40-2023_sammantta.pdf","data_ultima_atualizacao":"2023-04-12T09:59:02.480369-03:00","ip":"45.183.2.26","ultima_edicao":"2023-04-04T16:22:02.579755-03:00","tipo":1,"regime_tramitacao":4,"tipo_origem_externa":null,"local_origem_externa":null,"user":2,"anexadas":[],"autores":[10]}