{"id":615,"__str__":"REQUERIMENTO n\u00ba 41 de 2023","link_detail_backend":"/materia/615","metadata":{},"numero":41,"ano":2023,"numero_protocolo":null,"data_apresentacao":"2023-04-04","tipo_apresentacao":"E","data_publicacao":null,"numero_origem_externa":"","ano_origem_externa":null,"data_origem_externa":null,"apelido":"","dias_prazo":null,"data_fim_prazo":null,"em_tramitacao":false,"polemica":false,"objeto":"","complementar":false,"ementa":"REQUER sejam prestadas as seguintes informa\u00e7\u00f5es acerca da instala\u00e7\u00e3o das faixas elevadas de pedestres:\r\n\r\n\u2022\tEste parlamentar apresentou, por meio da Indica\u00e7\u00e3o 125/2022, requerimento para que fossem instaladas faixas elevadas na reta 2, Funil e Bom Jardim. Existe possibilidade para contempla\u00e7\u00e3o nas mencionadas localidades?\r\n\u2022\tQual o prazo?","indexacao":"","observacao":"","resultado":"","texto_original":"http://sapl.mariocampos.mg.leg.br/media/sapl/public/materialegislativa/2023/615/requerimento_no_41-2023_reinaldo.pdf","data_ultima_atualizacao":"2023-04-12T10:14:52.547738-03:00","ip":"45.183.2.26","ultima_edicao":"2023-04-04T16:48:58.263598-03:00","tipo":1,"regime_tramitacao":4,"tipo_origem_externa":null,"local_origem_externa":null,"user":2,"anexadas":[],"autores":[11]}