{"id":616,"__str__":"REQUERIMENTO n\u00ba 42 de 2023","link_detail_backend":"/materia/616","metadata":{},"numero":42,"ano":2023,"numero_protocolo":null,"data_apresentacao":"2023-04-04","tipo_apresentacao":"E","data_publicacao":null,"numero_origem_externa":"","ano_origem_externa":null,"data_origem_externa":null,"apelido":"","dias_prazo":null,"data_fim_prazo":null,"em_tramitacao":false,"polemica":false,"objeto":"","complementar":false,"ementa":"REQUER sejam prestadas as seguintes informa\u00e7\u00f5es acerca das castra\u00e7\u00f5es:\r\n\u2022\tQual o motivo da paraliza\u00e7\u00e3o?\r\n\u2022\tExiste previs\u00e3o de retorno do atendimento?\r\n\u2022\tOs procedimentos ocorrer\u00e3o tamb\u00e9m na regi\u00e3o do Bom Jardim?","indexacao":"","observacao":"","resultado":"","texto_original":"http://sapl.mariocampos.mg.leg.br/media/sapl/public/materialegislativa/2023/616/requerimento_no_42-2023_reinaldo.pdf","data_ultima_atualizacao":"2023-04-12T10:43:51.430834-03:00","ip":"45.183.2.26","ultima_edicao":"2023-04-04T16:53:39.212211-03:00","tipo":1,"regime_tramitacao":4,"tipo_origem_externa":null,"local_origem_externa":null,"user":2,"anexadas":[],"autores":[6,11]}