{"id":625,"__str__":"REQUERIMENTO n\u00ba 45 de 2023","link_detail_backend":"/materia/625","metadata":{},"numero":45,"ano":2023,"numero_protocolo":null,"data_apresentacao":"2023-04-05","tipo_apresentacao":"E","data_publicacao":null,"numero_origem_externa":"","ano_origem_externa":null,"data_origem_externa":null,"apelido":"","dias_prazo":null,"data_fim_prazo":null,"em_tramitacao":false,"polemica":false,"objeto":"","complementar":false,"ementa":"REQUEREM a seguinte informa\u00e7\u00e3o: \r\n\r\n\u2022\tPor qual motivo a Comiss\u00e3o de Sa\u00fade n\u00e3o t\u00eam sido convocada para as reuni\u00f5es que tratam dos assuntos sobre as castra\u00e7\u00f5es?","indexacao":"","observacao":"","resultado":"","texto_original":"http://sapl.mariocampos.mg.leg.br/media/sapl/public/materialegislativa/2023/625/requerimento_no_45-2023_daniela_outros.pdf","data_ultima_atualizacao":"2023-04-13T11:12:32.168580-03:00","ip":"45.183.2.26","ultima_edicao":"2023-04-05T15:13:41.085523-03:00","tipo":1,"regime_tramitacao":4,"tipo_origem_externa":null,"local_origem_externa":null,"user":2,"anexadas":[],"autores":[6,16,13,11,8]}