{"id":672,"__str__":"REQUERIMENTO n\u00ba 63 de 2023","link_detail_backend":"/materia/672","metadata":{},"numero":63,"ano":2023,"numero_protocolo":null,"data_apresentacao":"2023-05-04","tipo_apresentacao":"E","data_publicacao":null,"numero_origem_externa":"","ano_origem_externa":null,"data_origem_externa":null,"apelido":"","dias_prazo":null,"data_fim_prazo":null,"em_tramitacao":false,"polemica":false,"objeto":"","complementar":false,"ementa":"REQUER as seguintes informa\u00e7\u00f5es:\r\n\r\no\tQuais as provid\u00eancias tomadas Pelo Poder Executivo Municipal para que sejam computados aos servidores p\u00fablicos municipais o per\u00edodo suspenso em raz\u00e3o da aplica\u00e7\u00e3o do art. 8\u00ba da Lei Complementar n\u00ba 173/2020, bem como, para que sejam aplicados todos os direitos funcionais, tais como: f\u00e9rias pr\u00eamio e quinqu\u00eanios, decorrentes previstos nas legisla\u00e7\u00f5es vigentes e previamente existentes \u00e0 entrada em vigor da referida Lei Complementar?","indexacao":"","observacao":"","resultado":"","texto_original":"http://sapl.mariocampos.mg.leg.br/media/sapl/public/materialegislativa/2023/672/requerimento_no_63-2023_ludimila.pdf","data_ultima_atualizacao":"2023-05-10T11:14:29.863008-03:00","ip":"45.183.3.229","ultima_edicao":"2023-05-04T14:43:28.578572-03:00","tipo":1,"regime_tramitacao":4,"tipo_origem_externa":null,"local_origem_externa":null,"user":2,"anexadas":[],"autores":[13]}