{"id":673,"__str__":"REQUERIMENTO n\u00ba 64 de 2023","link_detail_backend":"/materia/673","metadata":{},"numero":64,"ano":2023,"numero_protocolo":null,"data_apresentacao":"2023-05-04","tipo_apresentacao":"E","data_publicacao":null,"numero_origem_externa":"","ano_origem_externa":null,"data_origem_externa":null,"apelido":"","dias_prazo":null,"data_fim_prazo":null,"em_tramitacao":false,"polemica":false,"objeto":"","complementar":false,"ementa":"REQUEREM a seguinte informa\u00e7\u00e3o:\r\nPor qual motivo n\u00e3o foram colocadas cortinas nem insufilm nas janelas das salas onde s\u00e3o realizados consultas e exames de preven\u00e7\u00e3o (ginecol\u00f3gicos) nos ESF\u2019s: Branco, Azul e Verde?","indexacao":"","observacao":"","resultado":"","texto_original":"http://sapl.mariocampos.mg.leg.br/media/sapl/public/materialegislativa/2023/673/requerimento_no_64-2023_cecelsma_edme.pdf","data_ultima_atualizacao":"2023-05-10T11:18:39.371829-03:00","ip":"45.183.3.228","ultima_edicao":"2023-05-10T11:16:11.714795-03:00","tipo":1,"regime_tramitacao":4,"tipo_origem_externa":null,"local_origem_externa":null,"user":2,"anexadas":[],"autores":[3,16]}