{"id":678,"__str__":"REQUERIMENTO n\u00ba 69 de 2023","link_detail_backend":"/materia/678","metadata":{},"numero":69,"ano":2023,"numero_protocolo":null,"data_apresentacao":"2023-05-04","tipo_apresentacao":"E","data_publicacao":null,"numero_origem_externa":"","ano_origem_externa":null,"data_origem_externa":null,"apelido":"","dias_prazo":null,"data_fim_prazo":null,"em_tramitacao":false,"polemica":false,"objeto":"","complementar":false,"ementa":"REQUEREM as seguintes informa\u00e7\u00f5es:\r\no\tQual a previs\u00e3o para instala\u00e7\u00e3o de faixas de pedestres elevadas na cidade?\r\no\tEm especial, qual a previs\u00e3o para instala\u00e7\u00e3o de uma faixa elevada na Avenida Floresta pr\u00f3ximo \u00e0 Lagoa e, tamb\u00e9m, na porta da creche do bairro Primavera?","indexacao":"","observacao":"","resultado":"","texto_original":"http://sapl.mariocampos.mg.leg.br/media/sapl/public/materialegislativa/2023/678/requerimento_no_69-2023_ludimila.pdf","data_ultima_atualizacao":"2023-05-10T11:24:51.777734-03:00","ip":"45.183.3.229","ultima_edicao":"2023-05-04T16:24:12.593458-03:00","tipo":1,"regime_tramitacao":4,"tipo_origem_externa":null,"local_origem_externa":null,"user":2,"anexadas":[],"autores":[13]}