{"id":679,"__str__":"REQUERIMENTO n\u00ba 70 de 2023","link_detail_backend":"/materia/679","metadata":{},"numero":70,"ano":2023,"numero_protocolo":null,"data_apresentacao":"2023-05-04","tipo_apresentacao":"E","data_publicacao":null,"numero_origem_externa":"","ano_origem_externa":null,"data_origem_externa":null,"apelido":"","dias_prazo":null,"data_fim_prazo":null,"em_tramitacao":false,"polemica":false,"objeto":"","complementar":false,"ementa":"REQUER da Secretaria de Assist\u00eancia Social as seguintes informa\u00e7\u00f5es:\r\n\r\nA-\tComo funciona o agendamento no Centro de Refer\u00eancia de Assist\u00eancia Social (CRAS)?\r\nB-\tQuantas cestas s\u00e3o distribu\u00eddas por m\u00eas?\r\nC-\tQuem faz esse controle dos benefici\u00e1rios?\r\nD-\tPor qual motivo a moradora Liliane Marina de Jesus foi agendada para retirada do benef\u00edcio, com confirma\u00e7\u00e3o de data e hor\u00e1rio para retirada, n\u00e3o foi contemplada com seu benef\u00edcio?\r\nE-\tQuem \u00e9 a respons\u00e1vel por esse agendamento? E nesse caso de quem foi o erro?\r\nF-\tReferente a demanda das solicita\u00e7\u00f5es de cestas b\u00e1sicas, os n\u00fameros atendem a popula\u00e7\u00e3o?","indexacao":"","observacao":"","resultado":"","texto_original":"http://sapl.mariocampos.mg.leg.br/media/sapl/public/materialegislativa/2023/679/requerimento_no_70-2023_-_pastor_marquinhos.pdf","data_ultima_atualizacao":"2023-05-10T11:25:38.232473-03:00","ip":"45.183.3.229","ultima_edicao":"2023-05-04T16:41:59.517981-03:00","tipo":1,"regime_tramitacao":4,"tipo_origem_externa":null,"local_origem_externa":null,"user":2,"anexadas":[],"autores":[9]}