{"id":726,"__str__":"REQUERIMENTO n\u00ba 85 de 2023","link_detail_backend":"/materia/726","metadata":{},"numero":85,"ano":2023,"numero_protocolo":null,"data_apresentacao":"2023-06-07","tipo_apresentacao":"E","data_publicacao":null,"numero_origem_externa":"","ano_origem_externa":null,"data_origem_externa":null,"apelido":"","dias_prazo":null,"data_fim_prazo":null,"em_tramitacao":false,"polemica":false,"objeto":"","complementar":false,"ementa":"REQUER as seguintes informa\u00e7\u00f5es e solicita\u00e7\u00f5es:\r\n\r\na)\tA reforma n\u00e3o contemplou melhorias na ilumina\u00e7\u00e3o da pista de caminhada, coreto e do passadi\u00e7o. Com essa constata\u00e7\u00e3o viemos at\u00e9 aqui solicitar informa\u00e7\u00f5es se existe a pretens\u00e3o ou algum estudo/processo em andamento referente a melhoria da ilumina\u00e7\u00e3o?\r\n\r\nb)\tEnquanto n\u00e3o acontece de forma efetiva a melhoria da ilumina\u00e7\u00e3o na pra\u00e7a, solicitamos em car\u00e1ter de urg\u00eancia que seja realizado algumas podas que est\u00e3o atrapalhando a ilumina\u00e7\u00e3o no local.","indexacao":"","observacao":"","resultado":"","texto_original":"http://sapl.mariocampos.mg.leg.br/media/sapl/public/materialegislativa/2023/726/requerimento_no_85-2023_ceva.pdf","data_ultima_atualizacao":"2023-07-17T10:56:59.619203-03:00","ip":"45.183.3.228","ultima_edicao":"2023-06-07T13:25:05.049871-03:00","tipo":1,"regime_tramitacao":4,"tipo_origem_externa":null,"local_origem_externa":null,"user":2,"anexadas":[],"autores":[9,8,10]}