{"id":733,"__str__":"REQUERIMENTO n\u00ba 86 de 2023","link_detail_backend":"/materia/733","metadata":{},"numero":86,"ano":2023,"numero_protocolo":null,"data_apresentacao":"2023-06-07","tipo_apresentacao":"E","data_publicacao":null,"numero_origem_externa":"","ano_origem_externa":null,"data_origem_externa":null,"apelido":"","dias_prazo":null,"data_fim_prazo":null,"em_tramitacao":false,"polemica":false,"objeto":"","complementar":false,"ementa":"REQUEREM a seguinte informa\u00e7\u00e3o:\r\n\u25cf\tJ\u00e1 existe uma previs\u00e3o para agendamento de mesa de negocia\u00e7\u00e3o com representantes do SindUTE Subsede Betim, para dialogar acerca da pauta de reivindica\u00e7\u00f5es dos trabalhadores em educa\u00e7\u00e3o, conforme j\u00e1 solicitado pelos mesmos?","indexacao":"","observacao":"","resultado":"","texto_original":"http://sapl.mariocampos.mg.leg.br/media/sapl/public/materialegislativa/2023/733/requerimento_no_86-2023_cecelsma.pdf","data_ultima_atualizacao":"2023-07-17T10:55:32.034386-03:00","ip":"45.183.3.228","ultima_edicao":"2023-06-07T16:22:21.990123-03:00","tipo":1,"regime_tramitacao":4,"tipo_origem_externa":null,"local_origem_externa":null,"user":2,"anexadas":[],"autores":[3,14,12]}