{"id":805,"__str__":"REQUERIMENTO n\u00ba 117 de 2023","link_detail_backend":"/materia/805","metadata":{},"numero":117,"ano":2023,"numero_protocolo":null,"data_apresentacao":"2023-08-24","tipo_apresentacao":"E","data_publicacao":null,"numero_origem_externa":"","ano_origem_externa":null,"data_origem_externa":null,"apelido":"","dias_prazo":null,"data_fim_prazo":null,"em_tramitacao":true,"polemica":false,"objeto":"","complementar":false,"ementa":"REQUER informa\u00e7\u00f5es sobre a institui\u00e7\u00e3o do Conselho Municipal da Pessoa com Defici\u00eancia \u2013 CMPCD.\r\n\r\n \u00c9 de interesse do Executivo Municipal que o Conselho seja institu\u00eddo?\r\nQuais provid\u00eancias a Prefeitura t\u00eam tomado para dar agilidade no processo?\r\nQuando a Prefeitura pretende instituir o Conselho?","indexacao":"","observacao":"","resultado":"","texto_original":"http://sapl.mariocampos.mg.leg.br/media/sapl/public/materialegislativa/2023/805/requerimento_no_117-2023_daniela.pdf","data_ultima_atualizacao":"2023-09-13T09:30:26.929067-03:00","ip":"45.183.2.224","ultima_edicao":"2023-08-25T09:38:44.545964-03:00","tipo":1,"regime_tramitacao":4,"tipo_origem_externa":null,"local_origem_externa":null,"user":2,"anexadas":[],"autores":[6]}