{"id":867,"__str__":"REQUERIMENTO n\u00ba 151 de 2023","link_detail_backend":"/materia/867","metadata":{},"numero":151,"ano":2023,"numero_protocolo":null,"data_apresentacao":"2023-09-21","tipo_apresentacao":"E","data_publicacao":null,"numero_origem_externa":"","ano_origem_externa":null,"data_origem_externa":null,"apelido":"","dias_prazo":null,"data_fim_prazo":null,"em_tramitacao":false,"polemica":false,"objeto":"","complementar":false,"ementa":"REQUER informa\u00e7\u00f5es acerca da distribui\u00e7\u00e3o de fraldas geri\u00e1tricas.\r\n1)\tComo \u00e9 realizada a distribui\u00e7\u00e3o?\t\r\n2)\tS\u00e3o realizadas visitas as pessoas que necessitam das fraldas para que seja feita a entrega delas?\r\n3)\tExiste algum cadastro pra que pessoa possa solicitar as fraldas?","indexacao":"","observacao":"","resultado":"","texto_original":"http://sapl.mariocampos.mg.leg.br/media/sapl/public/materialegislativa/2023/867/requerimento_no_151-2023_daniela.pdf","data_ultima_atualizacao":"2023-09-29T11:23:56.492659-03:00","ip":"45.183.1.6","ultima_edicao":"2023-09-21T17:02:39.553476-03:00","tipo":1,"regime_tramitacao":4,"tipo_origem_externa":null,"local_origem_externa":null,"user":2,"anexadas":[],"autores":[6]}