{"id":911,"__str__":"REQUERIMENTO n\u00ba 172 de 2023","link_detail_backend":"/materia/911","metadata":{},"numero":172,"ano":2023,"numero_protocolo":null,"data_apresentacao":"2023-10-18","tipo_apresentacao":"E","data_publicacao":null,"numero_origem_externa":"","ano_origem_externa":null,"data_origem_externa":null,"apelido":"","dias_prazo":null,"data_fim_prazo":null,"em_tramitacao":false,"polemica":false,"objeto":"","complementar":false,"ementa":"REQUER do Executivo os seguintes esclarecimentos:\r\nA.\tOnde funciona o SSAM \u2013 Servi\u00e7o de Sa\u00fade Mental do munic\u00edpio de M\u00e1rio Campos?\r\nB.\tQuantos e Quais funcion\u00e1rios fazem parte do SSAM?","indexacao":"","observacao":"","resultado":"","texto_original":"http://sapl.mariocampos.mg.leg.br/media/sapl/public/materialegislativa/2023/911/requerimento_no_172-2023_sammantta_cecelsma.pdf","data_ultima_atualizacao":"2023-11-06T13:58:15.775408-03:00","ip":"45.183.1.6","ultima_edicao":"2023-11-06T13:57:08.312877-03:00","tipo":1,"regime_tramitacao":4,"tipo_origem_externa":null,"local_origem_externa":null,"user":2,"anexadas":[],"autores":[3,10]}