{"id":1187,"__str__":"MO\u00c7\u00c3O n\u00ba 2 de 2023 | Proposi\u00e7\u00e3o apresentada em Plen\u00e1rio | 28/02/2023","link_detail_backend":"/materia/tramitacao/1187","metadata":{},"timestamp":"2023-03-09T11:12:48.627951-03:00","data_tramitacao":"2023-02-28","data_encaminhamento":null,"urgente":false,"turno":"","texto":"","data_fim_prazo":null,"ip":"45.183.1.29","ultima_edicao":"2023-03-09T11:12:29.538232-03:00","status":11,"materia":538,"unidade_tramitacao_local":15,"unidade_tramitacao_destino":12,"user":2}