{"id":3,"__str__":"Ordem: Ordem do Dia/Expediente: 3 - PROJETO DE LEI ORDIN\u00c1RIA n\u00ba 9 de 2023 em 5\u00aa Sess\u00e3o Ordin\u00e1ria da 1\u00aa Quinzena do m\u00eas de Abril de 2023 da 3\u00aa Sess\u00e3o Legislativa da 7\u00aa Legislatura - Requerente: Isa\u00edas Silva - Mat\u00e9ria: PROJETO DE LEI ORDIN\u00c1RIA n\u00ba 9 de 2023","link_detail_backend":"/sessao/retiradapauta/3","metadata":{},"data":"2023-04-10","observacao":"Projeto retorna para a CECELSMA - Comiss\u00e3o de Educa\u00e7\u00e3o, Cultura, LAzer, Sa\u00fade e Meio Ambiente para conclus\u00e3o do seu parecer.","materia":595,"sessao_plenaria":53,"ordem":590,"expediente":null,"parlamentar":9,"tipo_de_retirada":2}