{"id":5,"__str__":"Ordem: Ordem do Dia/Expediente: 11 - REQUERIMENTO n\u00ba 105 de 2023 em 11\u00aa Sess\u00e3o Ordin\u00e1ria da 1\u00aa Quinzena do m\u00eas de Agosto de 2023 da 3\u00aa Sess\u00e3o Legislativa da 7\u00aa Legislatura - Requerente: Reinaldo Magalh\u00e3es - Mat\u00e9ria: REQUERIMENTO n\u00ba 105 de 2023","link_detail_backend":"/sessao/retiradapauta/5","metadata":{},"data":"2023-08-14","observacao":"De acordo com o autor, a demanda mencionada j\u00e1 iniciou seu atendimento, n\u00e3o sendo mais necess\u00e1rio a instaura\u00e7\u00e3o do requerimento.","materia":789,"sessao_plenaria":65,"ordem":740,"expediente":null,"parlamentar":6,"tipo_de_retirada":1}