{"id":6,"__str__":"Ordem: Ordem do Dia/Expediente: 29 - INDICA\u00c7\u00c3O n\u00ba 123 de 2023 em 13\u00aa Sess\u00e3o Ordin\u00e1ria da 1\u00aa Quinzena do m\u00eas de Setembro de 2023 da 3\u00aa Sess\u00e3o Legislativa da 7\u00aa Legislatura - Requerente: Reinaldo Magalh\u00e3es - Mat\u00e9ria: INDICA\u00c7\u00c3O n\u00ba 123 de 2023","link_detail_backend":"/sessao/retiradapauta/6","metadata":{},"data":"2023-09-11","observacao":"O vereador solicitou a retirada para que pudesse rever o conte\u00fado da indica\u00e7\u00e3o.","materia":832,"sessao_plenaria":67,"ordem":786,"expediente":null,"parlamentar":6,"tipo_de_retirada":1}